{"id":373,"date":"2023-12-01T10:09:05","date_gmt":"2023-12-01T10:09:05","guid":{"rendered":"https:\/\/catalinacalafat.com\/?p=373"},"modified":"2024-03-06T18:12:28","modified_gmt":"2024-03-06T18:12:28","slug":"terapia-breve","status":"publish","type":"post","link":"https:\/\/catalinacalafat.com\/ca\/noticies\/terapia-breu\/","title":{"rendered":"Ter\u00e0pia breu: Qu\u00e8 \u00e9s?"},"content":{"rendered":"<p>La ter\u00e0pia breu, un enfocament terap\u00e8utic centrat en la resoluci\u00f3 de problemes i el canvi r\u00e0pid, ha emergit com una alternativa efica\u00e7 al camp de la psicologia. En contrast amb les ter\u00e0pies tradicionals de llarga durada, la ter\u00e0pia breu se centra a assolir resultats positius en un per\u00edode de temps m\u00e9s curt, oferint intervencions intensives i estrat\u00e8giques. Aquest article examina els fonaments, els objectius i els beneficis de la ter\u00e0pia breu com una eina valuosa per abordar una varietat de desafiaments psicol\u00f2gics.<\/p>\n<h2><strong>Qu\u00e8 \u00e9s la Ter\u00e0pia Breu?<\/strong><\/h2>\n<p>La ter\u00e0pia breu, tamb\u00e9 coneguda com a ter\u00e0pia focalitzada en solucions, \u00e9s un enfocament terap\u00e8utic que se centra a identificar i abordar problemes espec\u00edfics de manera r\u00e0pida i eficient. A difer\u00e8ncia de les ter\u00e0pies m\u00e9s tradicionals, que es poden estendre durant mesos o fins i tot anys, la ter\u00e0pia breu cerca resultats tangibles en un nombre limitat de sessions.<\/p>\n<h3><strong>Principis Fonamentals:<\/strong><\/h3>\n<ul>\n<li>Enfocament Estrat\u00e8gic: La ter\u00e0pia breu es basa en un enfocament estrat\u00e8gic on s&#039;identifiquen metes clares i es dissenyen intervencions espec\u00edfiques per aconseguir resultats r\u00e0pids. Se centra en el \u201ccom\u201d canviar m\u00e9s que en el \u201cper qu\u00e8\u201d dels problemes.<\/li>\n<li>Orientaci\u00f3 cap a Solucions: Aquest enfocament s&#039;orienta cap a la identificaci\u00f3 i l&#039;amplificaci\u00f3 de solucions m\u00e9s que no pas en analitzar extensament els problemes. La ter\u00e0pia breu es basa en la premissa que les solucions sovint s\u00f3n presents a la vida de l&#039;individu, i el terapeuta treballa per descobrir-les i enfortir-les.<\/li>\n<li>Col\u00b7laboraci\u00f3 Activa: La relaci\u00f3 terap\u00e8utica en aquesta ter\u00e0pia \u00e9s col\u00b7laborativa i activa. El terapeuta i el client treballen junts per establir metes espec\u00edfiques i desenvolupar estrat\u00e8gies per assolir-les.<\/li>\n<\/ul>\n<h3><strong>Objectius de la Ter\u00e0pia Breu:<\/strong><\/h3>\n<p>Resoluci\u00f3 R\u00e0pida de Problemes: La ter\u00e0pia breu cerca resoldre problemes de manera r\u00e0pida i eficient, permetent que els clients experimentin canvis positius en un curt per\u00edode.<\/p>\n<p>Potenciaci\u00f3 del Client: S&#039;enfoca a empoderar els clients perqu\u00e8 desenvolupin habilitats i recursos que els permetin enfrontar desafiaments futurs de manera independent.<\/p>\n<p>Prevenci\u00f3 de Recaigudes: En concentrar-se en solucions espec\u00edfiques i estrat\u00e8gies pr\u00e0ctiques, la ter\u00e0pia breu treballa per prevenir la recaiguda en abordar les causes fonamentals dels problemes.<\/p>\n<h3><strong>\u00c0rees d&#039;aplicaci\u00f3:<\/strong><\/h3>\n<p>La ter\u00e0pia breu ha demostrat ser efectiva en una varietat d&#039;\u00e0rees, com ara ansietat, depressi\u00f3, trastorns de la conducta, conflictes familiars i problemes de relaci\u00f3. Tamb\u00e9 s&#039;utilitza sovint en entorns de crisi, on la intervenci\u00f3 r\u00e0pida \u00e9s essencial.<\/p>\n<h3><strong>Beneficis de la Ter\u00e0pia Breu:<\/strong><\/h3>\n<p>Efici\u00e8ncia de Temps: La ter\u00e0pia breu \u00e9s especialment beneficiosa per a aquells que busquen resultats r\u00e0pids i no es volen comprometre amb un proc\u00e9s terap\u00e8utic a llarg termini.<\/p>\n<p>Centrada a Solucions: En posar l&#039;\u00e8mfasi en solucions, la ter\u00e0pia breu proporciona eines pr\u00e0ctiques per abordar desafiaments espec\u00edfics i fomentar canvis positius.<\/p>\n<p>Cost-efectiva: At\u00e8s que implica un nombre limitat de sessions, la ter\u00e0pia breu pot ser m\u00e9s accessible econ\u00f2micament per a algunes persones en comparaci\u00f3 amb ter\u00e0pies de m\u00e9s durada.<\/p>\n<h3><strong>Conclusi\u00f3:<\/strong><\/h3>\n<p>La ter\u00e0pia breu emergeix com un enfocament terap\u00e8utic din\u00e0mic i efectiu, demostrant que la transformaci\u00f3 positiva no sempre requereix un proc\u00e9s terap\u00e8utic extens. En centrar-se en solucions, col\u00b7laboraci\u00f3 activa i resultats r\u00e0pids, la ter\u00e0pia breu ofereix una alternativa valuosa per a aquells que busquen superar desafiaments psicol\u00f2gics de manera eficient i efectiva.<\/p>","protected":false},"excerpt":{"rendered":"<p>La ter\u00e0pia breu, un enfocament terap\u00e8utic centrat en la resoluci\u00f3 de problemes i el canvi r\u00e0pid, ha emergit com una alternativa efica\u00e7 al camp de<span class=\"excerpt-hellip\"> [\u2026]<\/span><\/p>","protected":false},"author":2,"featured_media":406,"comment_status":"open","ping_status":"open","sticky":false,"template":"","format":"standard","meta":{"_joinchat":[],"footnotes":""},"categories":[1],"tags":[],"class_list":["post-373","post","type-post","status-publish","format-standard","has-post-thumbnail","hentry","category-noticias"],"yoast_head":"<!-- This site is optimized with the Yoast SEO plugin v27.5 - https:\/\/yoast.com\/product\/yoast-seo-wordpress\/ -->\n<title>Terapia Breve: \u00bfQu\u00e9 es? - Catalina Calafat<\/title>\n<meta name=\"description\" content=\"\u00bfQuieres saber qu\u00e9 es la Terapia Breve? Aqu\u00ed tienes las bases de \u00e9ste tipo de psicoterapia y sus principales t\u00e9cnicas.\" \/>\n<meta name=\"robots\" content=\"index, follow, max-snippet:-1, max-image-preview:large, max-video-preview:-1\" \/>\n<link rel=\"canonical\" href=\"https:\/\/catalinacalafat.com\/ca\/noticies\/terapia-breu\/\" \/>\n<meta property=\"og:locale\" content=\"ca_ES\" \/>\n<meta property=\"og:type\" content=\"article\" \/>\n<meta property=\"og:title\" content=\"Terapia Breve: \u00bfQu\u00e9 es? - Catalina Calafat\" \/>\n<meta property=\"og:description\" content=\"\u00bfQuieres saber qu\u00e9 es la Terapia Breve? Aqu\u00ed tienes las bases de \u00e9ste tipo de psicoterapia y sus principales t\u00e9cnicas.\" \/>\n<meta property=\"og:url\" content=\"https:\/\/catalinacalafat.com\/ca\/noticies\/terapia-breu\/\" \/>\n<meta property=\"og:site_name\" content=\"Catalina Calafat\" \/>\n<meta property=\"article:published_time\" content=\"2023-12-01T10:09:05+00:00\" \/>\n<meta property=\"article:modified_time\" content=\"2024-03-06T18:12:28+00:00\" \/>\n<meta property=\"og:image\" content=\"https:\/\/catalinacalafat.com\/wp-content\/uploads\/2023\/12\/terapia-breve.jpg\" \/>\n\t<meta property=\"og:image:width\" content=\"1000\" \/>\n\t<meta property=\"og:image:height\" content=\"667\" \/>\n\t<meta property=\"og:image:type\" content=\"image\/jpeg\" \/>\n<meta name=\"author\" content=\"Catalina Calafat Villalonga\" \/>\n<meta name=\"twitter:card\" content=\"summary_large_image\" \/>\n<meta name=\"twitter:label1\" content=\"Escrit per\" \/>\n\t<meta name=\"twitter:data1\" content=\"Catalina Calafat Villalonga\" \/>\n\t<meta name=\"twitter:label2\" content=\"Temps estimat de lectura\" \/>\n\t<meta name=\"twitter:data2\" content=\"3 minuts\" \/>\n<script type=\"application\/ld+json\" class=\"yoast-schema-graph\">{\"@context\":\"https:\\\/\\\/schema.org\",\"@graph\":[{\"@type\":\"Article\",\"@id\":\"https:\\\/\\\/catalinacalafat.com\\\/noticias\\\/terapia-breve\\\/#article\",\"isPartOf\":{\"@id\":\"https:\\\/\\\/catalinacalafat.com\\\/noticias\\\/terapia-breve\\\/\"},\"author\":{\"name\":\"Catalina Calafat Villalonga\",\"@id\":\"https:\\\/\\\/catalinacalafat.com\\\/#\\\/schema\\\/person\\\/73d69f79426559b067ead822eb52b66d\"},\"headline\":\"Terapia breve: \u00bfQu\u00e9 es?\",\"datePublished\":\"2023-12-01T10:09:05+00:00\",\"dateModified\":\"2024-03-06T18:12:28+00:00\",\"mainEntityOfPage\":{\"@id\":\"https:\\\/\\\/catalinacalafat.com\\\/noticias\\\/terapia-breve\\\/\"},\"wordCount\":594,\"commentCount\":0,\"image\":{\"@id\":\"https:\\\/\\\/catalinacalafat.com\\\/noticias\\\/terapia-breve\\\/#primaryimage\"},\"thumbnailUrl\":\"https:\\\/\\\/catalinacalafat.com\\\/wp-content\\\/uploads\\\/2023\\\/12\\\/terapia-breve.jpg\",\"articleSection\":[\"Noticias\"],\"inLanguage\":\"ca\",\"potentialAction\":[{\"@type\":\"CommentAction\",\"name\":\"Comment\",\"target\":[\"https:\\\/\\\/catalinacalafat.com\\\/noticias\\\/terapia-breve\\\/#respond\"]}]},{\"@type\":\"WebPage\",\"@id\":\"https:\\\/\\\/catalinacalafat.com\\\/noticias\\\/terapia-breve\\\/\",\"url\":\"https:\\\/\\\/catalinacalafat.com\\\/noticias\\\/terapia-breve\\\/\",\"name\":\"Terapia Breve: \u00bfQu\u00e9 es? - Catalina Calafat\",\"isPartOf\":{\"@id\":\"https:\\\/\\\/catalinacalafat.com\\\/#website\"},\"primaryImageOfPage\":{\"@id\":\"https:\\\/\\\/catalinacalafat.com\\\/noticias\\\/terapia-breve\\\/#primaryimage\"},\"image\":{\"@id\":\"https:\\\/\\\/catalinacalafat.com\\\/noticias\\\/terapia-breve\\\/#primaryimage\"},\"thumbnailUrl\":\"https:\\\/\\\/catalinacalafat.com\\\/wp-content\\\/uploads\\\/2023\\\/12\\\/terapia-breve.jpg\",\"datePublished\":\"2023-12-01T10:09:05+00:00\",\"dateModified\":\"2024-03-06T18:12:28+00:00\",\"author\":{\"@id\":\"https:\\\/\\\/catalinacalafat.com\\\/#\\\/schema\\\/person\\\/73d69f79426559b067ead822eb52b66d\"},\"description\":\"\u00bfQuieres saber qu\u00e9 es la Terapia Breve? Aqu\u00ed tienes las bases de \u00e9ste tipo de psicoterapia y sus principales t\u00e9cnicas.\",\"breadcrumb\":{\"@id\":\"https:\\\/\\\/catalinacalafat.com\\\/noticias\\\/terapia-breve\\\/#breadcrumb\"},\"inLanguage\":\"ca\",\"potentialAction\":[{\"@type\":\"ReadAction\",\"target\":[\"https:\\\/\\\/catalinacalafat.com\\\/noticias\\\/terapia-breve\\\/\"]}]},{\"@type\":\"ImageObject\",\"inLanguage\":\"ca\",\"@id\":\"https:\\\/\\\/catalinacalafat.com\\\/noticias\\\/terapia-breve\\\/#primaryimage\",\"url\":\"https:\\\/\\\/catalinacalafat.com\\\/wp-content\\\/uploads\\\/2023\\\/12\\\/terapia-breve.jpg\",\"contentUrl\":\"https:\\\/\\\/catalinacalafat.com\\\/wp-content\\\/uploads\\\/2023\\\/12\\\/terapia-breve.jpg\",\"width\":1000,\"height\":667},{\"@type\":\"BreadcrumbList\",\"@id\":\"https:\\\/\\\/catalinacalafat.com\\\/noticias\\\/terapia-breve\\\/#breadcrumb\",\"itemListElement\":[{\"@type\":\"ListItem\",\"position\":1,\"name\":\"Portada\",\"item\":\"https:\\\/\\\/catalinacalafat.com\\\/\"},{\"@type\":\"ListItem\",\"position\":2,\"name\":\"Terapia breve: \u00bfQu\u00e9 es?\"}]},{\"@type\":\"WebSite\",\"@id\":\"https:\\\/\\\/catalinacalafat.com\\\/#website\",\"url\":\"https:\\\/\\\/catalinacalafat.com\\\/\",\"name\":\"Catalina Calafat\",\"description\":\"Psic\u00f3loga en Palma de Mallorca\",\"potentialAction\":[{\"@type\":\"SearchAction\",\"target\":{\"@type\":\"EntryPoint\",\"urlTemplate\":\"https:\\\/\\\/catalinacalafat.com\\\/?s={search_term_string}\"},\"query-input\":{\"@type\":\"PropertyValueSpecification\",\"valueRequired\":true,\"valueName\":\"search_term_string\"}}],\"inLanguage\":\"ca\"},{\"@type\":\"Person\",\"@id\":\"https:\\\/\\\/catalinacalafat.com\\\/#\\\/schema\\\/person\\\/73d69f79426559b067ead822eb52b66d\",\"name\":\"Catalina Calafat Villalonga\",\"image\":{\"@type\":\"ImageObject\",\"inLanguage\":\"ca\",\"@id\":\"https:\\\/\\\/secure.gravatar.com\\\/avatar\\\/e1ac59459f91d5e1587aecce92042b0877b111f06ef82f9e10eedb57c6aeabc6?s=96&d=mm&r=g\",\"url\":\"https:\\\/\\\/secure.gravatar.com\\\/avatar\\\/e1ac59459f91d5e1587aecce92042b0877b111f06ef82f9e10eedb57c6aeabc6?s=96&d=mm&r=g\",\"contentUrl\":\"https:\\\/\\\/secure.gravatar.com\\\/avatar\\\/e1ac59459f91d5e1587aecce92042b0877b111f06ef82f9e10eedb57c6aeabc6?s=96&d=mm&r=g\",\"caption\":\"Catalina Calafat Villalonga\"},\"url\":\"https:\\\/\\\/catalinacalafat.com\\\/ca\\\/author\\\/contactocatalinacalafat-com\\\/\"}]}<\/script>\n<!-- \/ Yoast SEO plugin. -->","yoast_head_json":{"title":"Terapia Breve: \u00bfQu\u00e9 es? - Catalina Calafat","description":"\u00bfQuieres saber qu\u00e9 es la Terapia Breve? Aqu\u00ed tienes las bases de \u00e9ste tipo de psicoterapia y sus principales t\u00e9cnicas.","robots":{"index":"index","follow":"follow","max-snippet":"max-snippet:-1","max-image-preview":"max-image-preview:large","max-video-preview":"max-video-preview:-1"},"canonical":"https:\/\/catalinacalafat.com\/ca\/noticies\/terapia-breu\/","og_locale":"ca_ES","og_type":"article","og_title":"Terapia Breve: \u00bfQu\u00e9 es? - Catalina Calafat","og_description":"\u00bfQuieres saber qu\u00e9 es la Terapia Breve? Aqu\u00ed tienes las bases de \u00e9ste tipo de psicoterapia y sus principales t\u00e9cnicas.","og_url":"https:\/\/catalinacalafat.com\/ca\/noticies\/terapia-breu\/","og_site_name":"Catalina Calafat","article_published_time":"2023-12-01T10:09:05+00:00","article_modified_time":"2024-03-06T18:12:28+00:00","og_image":[{"width":1000,"height":667,"url":"https:\/\/catalinacalafat.com\/wp-content\/uploads\/2023\/12\/terapia-breve.jpg","type":"image\/jpeg"}],"author":"Catalina Calafat Villalonga","twitter_card":"summary_large_image","twitter_misc":{"Escrit per":"Catalina Calafat Villalonga","Temps estimat de lectura":"3 minuts"},"schema":{"@context":"https:\/\/schema.org","@graph":[{"@type":"Article","@id":"https:\/\/catalinacalafat.com\/noticias\/terapia-breve\/#article","isPartOf":{"@id":"https:\/\/catalinacalafat.com\/noticias\/terapia-breve\/"},"author":{"name":"Catalina Calafat Villalonga","@id":"https:\/\/catalinacalafat.com\/#\/schema\/person\/73d69f79426559b067ead822eb52b66d"},"headline":"Terapia breve: \u00bfQu\u00e9 es?","datePublished":"2023-12-01T10:09:05+00:00","dateModified":"2024-03-06T18:12:28+00:00","mainEntityOfPage":{"@id":"https:\/\/catalinacalafat.com\/noticias\/terapia-breve\/"},"wordCount":594,"commentCount":0,"image":{"@id":"https:\/\/catalinacalafat.com\/noticias\/terapia-breve\/#primaryimage"},"thumbnailUrl":"https:\/\/catalinacalafat.com\/wp-content\/uploads\/2023\/12\/terapia-breve.jpg","articleSection":["Noticias"],"inLanguage":"ca","potentialAction":[{"@type":"CommentAction","name":"Comment","target":["https:\/\/catalinacalafat.com\/noticias\/terapia-breve\/#respond"]}]},{"@type":"WebPage","@id":"https:\/\/catalinacalafat.com\/noticias\/terapia-breve\/","url":"https:\/\/catalinacalafat.com\/noticias\/terapia-breve\/","name":"Terapia Breve: \u00bfQu\u00e9 es? - Catalina Calafat","isPartOf":{"@id":"https:\/\/catalinacalafat.com\/#website"},"primaryImageOfPage":{"@id":"https:\/\/catalinacalafat.com\/noticias\/terapia-breve\/#primaryimage"},"image":{"@id":"https:\/\/catalinacalafat.com\/noticias\/terapia-breve\/#primaryimage"},"thumbnailUrl":"https:\/\/catalinacalafat.com\/wp-content\/uploads\/2023\/12\/terapia-breve.jpg","datePublished":"2023-12-01T10:09:05+00:00","dateModified":"2024-03-06T18:12:28+00:00","author":{"@id":"https:\/\/catalinacalafat.com\/#\/schema\/person\/73d69f79426559b067ead822eb52b66d"},"description":"\u00bfQuieres saber qu\u00e9 es la Terapia Breve? Aqu\u00ed tienes las bases de \u00e9ste tipo de psicoterapia y sus principales t\u00e9cnicas.","breadcrumb":{"@id":"https:\/\/catalinacalafat.com\/noticias\/terapia-breve\/#breadcrumb"},"inLanguage":"ca","potentialAction":[{"@type":"ReadAction","target":["https:\/\/catalinacalafat.com\/noticias\/terapia-breve\/"]}]},{"@type":"ImageObject","inLanguage":"ca","@id":"https:\/\/catalinacalafat.com\/noticias\/terapia-breve\/#primaryimage","url":"https:\/\/catalinacalafat.com\/wp-content\/uploads\/2023\/12\/terapia-breve.jpg","contentUrl":"https:\/\/catalinacalafat.com\/wp-content\/uploads\/2023\/12\/terapia-breve.jpg","width":1000,"height":667},{"@type":"BreadcrumbList","@id":"https:\/\/catalinacalafat.com\/noticias\/terapia-breve\/#breadcrumb","itemListElement":[{"@type":"ListItem","position":1,"name":"Portada","item":"https:\/\/catalinacalafat.com\/"},{"@type":"ListItem","position":2,"name":"Terapia breve: \u00bfQu\u00e9 es?"}]},{"@type":"WebSite","@id":"https:\/\/catalinacalafat.com\/#website","url":"https:\/\/catalinacalafat.com\/","name":"Catalina Calafat","description":"Psic\u00f3loga en Palma de Mallorca","potentialAction":[{"@type":"SearchAction","target":{"@type":"EntryPoint","urlTemplate":"https:\/\/catalinacalafat.com\/?s={search_term_string}"},"query-input":{"@type":"PropertyValueSpecification","valueRequired":true,"valueName":"search_term_string"}}],"inLanguage":"ca"},{"@type":"Person","@id":"https:\/\/catalinacalafat.com\/#\/schema\/person\/73d69f79426559b067ead822eb52b66d","name":"Catalina Calafat Villalonga","image":{"@type":"ImageObject","inLanguage":"ca","@id":"https:\/\/secure.gravatar.com\/avatar\/e1ac59459f91d5e1587aecce92042b0877b111f06ef82f9e10eedb57c6aeabc6?s=96&d=mm&r=g","url":"https:\/\/secure.gravatar.com\/avatar\/e1ac59459f91d5e1587aecce92042b0877b111f06ef82f9e10eedb57c6aeabc6?s=96&d=mm&r=g","contentUrl":"https:\/\/secure.gravatar.com\/avatar\/e1ac59459f91d5e1587aecce92042b0877b111f06ef82f9e10eedb57c6aeabc6?s=96&d=mm&r=g","caption":"Catalina Calafat Villalonga"},"url":"https:\/\/catalinacalafat.com\/ca\/author\/contactocatalinacalafat-com\/"}]}},"_links":{"self":[{"href":"https:\/\/catalinacalafat.com\/ca\/wp-json\/wp\/v2\/posts\/373","targetHints":{"allow":["GET"]}}],"collection":[{"href":"https:\/\/catalinacalafat.com\/ca\/wp-json\/wp\/v2\/posts"}],"about":[{"href":"https:\/\/catalinacalafat.com\/ca\/wp-json\/wp\/v2\/types\/post"}],"author":[{"embeddable":true,"href":"https:\/\/catalinacalafat.com\/ca\/wp-json\/wp\/v2\/users\/2"}],"replies":[{"embeddable":true,"href":"https:\/\/catalinacalafat.com\/ca\/wp-json\/wp\/v2\/comments?post=373"}],"version-history":[{"count":7,"href":"https:\/\/catalinacalafat.com\/ca\/wp-json\/wp\/v2\/posts\/373\/revisions"}],"predecessor-version":[{"id":407,"href":"https:\/\/catalinacalafat.com\/ca\/wp-json\/wp\/v2\/posts\/373\/revisions\/407"}],"wp:featuredmedia":[{"embeddable":true,"href":"https:\/\/catalinacalafat.com\/ca\/wp-json\/wp\/v2\/media\/406"}],"wp:attachment":[{"href":"https:\/\/catalinacalafat.com\/ca\/wp-json\/wp\/v2\/media?parent=373"}],"wp:term":[{"taxonomy":"category","embeddable":true,"href":"https:\/\/catalinacalafat.com\/ca\/wp-json\/wp\/v2\/categories?post=373"},{"taxonomy":"post_tag","embeddable":true,"href":"https:\/\/catalinacalafat.com\/ca\/wp-json\/wp\/v2\/tags?post=373"}],"curies":[{"name":"wp","href":"https:\/\/api.w.org\/{rel}","templated":true}]}}