{"id":520,"date":"2024-07-10T13:32:34","date_gmt":"2024-07-10T13:32:34","guid":{"rendered":"https:\/\/catalinacalafat.com\/?p=520"},"modified":"2024-09-26T07:20:51","modified_gmt":"2024-09-26T07:20:51","slug":"todo-lo-que-necesitas-saber-sobre-el-tdah","status":"publish","type":"post","link":"https:\/\/catalinacalafat.com\/ca\/psicologia-del-desarrollo\/tot-el-que-necessites-saber-sobre-el-tdah\/","title":{"rendered":"Tot el que necessites saber sobre el TDAH"},"content":{"rendered":"<p>El trastorn per d\u00e8ficit d&#039;atenci\u00f3 i hiperactivitat (TDAH) \u00e9s una forma particular de percebre i processar la informaci\u00f3 que condiciona la manera com una persona pot respondre a certs est\u00edmuls ambientals, i que sovint acaba sent deficient, ineficient o disfuncional.<\/p>\n<p><strong>Per ajudar a visualitzar com processen la informaci\u00f3 aquestes persones, en posarem un exemple.<\/strong><\/p>\n<p>Imagina que has de transportar un paquet de Madrid a Barcelona amb cotxe, un sistema de processament eficient el que faria \u00e9s planificar en un mapa el recorregut m\u00e9s r\u00e0pid i que comporti la menor despesa.<\/p>\n<p>Tot i aix\u00f2, alg\u00fa amb TDAH acabaria arribant a Barcelona per\u00f2 ho faria de forma m\u00e9s ineficient, ja que probablement trigaria m\u00e9s a trobar una ruta sobre el mapa i escolliria un recorregut m\u00e9s llarg i amb m\u00e9s despesa.<\/p>\n<p><strong>Les persones amb TDAH tenen preservada la seva capacitat d&#039;aprenentatge, les seves funcions cognitives i emocionals, la difer\u00e8ncia \u00e9s que en fan un \u00fas menys eficient.<\/strong><\/p>\n<p>Per aquest motiu, no cal aproximar-se al TDAH des d&#039;una perspectiva \u00abcurativa\u00bb, sin\u00f3 amb l&#039;objectiu que el\/la nen\/a, adolescent o adult\/a aprenguin a ser-ne conscients, a conviure ia controlar la seva forma de processar la informaci\u00f3, minimitzant-ne les limitacions i maximitzant-ne els punts forts.<\/p>\n<h2>Simptomatologia del TDAH a nivell comportamental, cognitiu i emocional<\/h2>\n<p>Avui dia hi ha un cert consens a acceptar que el TDAH \u00e9s un trastorn del neurodesenvolupament en el qual predominen els s\u00edmptomes d&#039;inatenci\u00f3 i\/o hiperactivitat i impulsivitat (subtipus: inatent, hiperactiu o combinat).<\/p>\n<p>Aquests s\u00edmptomes, que solen apar\u00e8ixer abans dels 12 anys, afecten tant l&#039;\u00e0rea comportamental com la cognitiva i emocional. A nivell comportamental, se solen observar <strong>problemes de comportament, impulsivitat social i manca dhabilitats dinteracci\u00f3 social. <\/strong><\/p>\n<p>A nivell cognitiu, destaca el baix rendiment a la mem\u00f2ria de treball, a la velocitat de processament i en tasques que requereixin mantenir l&#039;atenci\u00f3 durant un per\u00edode de temps. Aix\u00ed com tamb\u00e9 solen mostrar dificultats per planificar, organitzar i realitzar accions adre\u00e7ades a un objectiu (on cal gestionar el temps, autocontrolar-se i motivar-se).<\/p>\n<p><strong>Finalment, a nivell emocional no \u00e9s estrany trobar problemes a la regulaci\u00f3 emocional.<\/strong><\/p>\n<p>La inatenci\u00f3, impulsivitat i sobreactivitat motora s\u00f3n naturals en la inf\u00e0ncia, tots els\/les nens\/es exhibeixen nivells m\u00e9s grans que altres nens\/es m\u00e9s grans.<\/p>\n<p><strong>La difer\u00e8ncia al TDAH \u00e9s que aquests nivells \u00abanormalment\u00bb elevats d&#039;inatenci\u00f3 i hiperactivitat\/impulsivitat van associats a un deteriorament significatiu de la vida familiar, social o escolar del nen\/a.<\/strong><\/p>\n<p>Alguns autors han parlat d&#039;un nou subtipus de TDAH, el Temps Cognitiu Lent (sluggish cognitive tempo). Aquesta proposta de nou subtipus de TDAH compartiria part de l&#039;alteraci\u00f3 atencional del subtipus inatent, per\u00f2 a m\u00e9s inclouria una lentitud motora i cognitiva. Aquest nou subtipus ha estat \u00e0mpliament investigat en els darrers anys per\u00f2 encara no s&#039;ha incl\u00f2s de manera oficial dins de la categoria diagn\u00f2stica del TDAH (ni al DSM-5 ni a la CIE-11).<\/p>\n<h2>Controv\u00e8rsia en el diagn\u00f2stic del TDAH<\/h2>\n<p><strong>A dia d&#039;avui encara hi ha certa controv\u00e8rsia pel que fa al diagn\u00f2stic del TDAH. <\/strong><\/p>\n<p>Aix\u00f2 \u00e9s degut en part al fet que \u00e9s l&#039;\u00fanic trastorn psicopatol\u00f2gic infantil en qu\u00e8 s&#039;accepta, en major o menor mesura, que el tractament sigui farmacol\u00f2gic i el seu diagn\u00f2stic \u00e9s \u00abexclusivament cl\u00ednic\u00bb.<\/p>\n<p>Per tant, la detecci\u00f3 del TDAH pot ser extremadament variable i de fiabilitat discutible. Aix\u00f2 fa que l&#039;augment del diagn\u00f2stic en els darrers anys pugui ser atribu\u00eft a factors positius (major sensibilitzaci\u00f3 social i professional) per\u00f2 tamb\u00e9 a negatius (laxitud, manca de rigor diagn\u00f2stic i pressi\u00f3 de fam\u00edlies per tenir acc\u00e9s a ajudes en obtenir el diagn\u00f2stic).<\/p>\n<p>L&#039;avaluaci\u00f3 del TDAH hauria de ser multim\u00e8tode, \u00e9s a dir, utilitzant diferents instruments d&#039;avaluaci\u00f3 (entrevistes, q\u00fcestionaris, registres d&#039;observaci\u00f3\u2026) que explorin la psicopatologia general, els criteris diagn\u00f2stics, els s\u00edmptomes i les conductes TDAH, el funcionament cognitiu i neuropsicol\u00f2gic, i el grau d&#039;afectaci\u00f3 dels s\u00edmptomes. A m\u00e9s, l&#039;avaluaci\u00f3 tamb\u00e9 ha de ser multifont (avaluat per pares, mestres i el\/la nen\/a si cal), com\u00f2rbida i diferencial (avaluant i discriminant la pres\u00e8ncia d&#039;altres trastorns que tamb\u00e9 podrien explicar la simptomatologia).<\/p>\n<h2>Tractament farmacol\u00f2gic NO est\u00e0 recomanat per a nens\/es amb TDAH<\/h2>\n<p>Pel que fa al tractament, cal especificar que el tractament farmacol\u00f2gic NO est\u00e0 recomanat per a nens\/es amb TDAH en edat preescolar i tampoc \u00e9s la primera opci\u00f3 per als\/les nens\/es en edat escolar.<\/p>\n<p>\u00danicament s&#039;ha de considerar el tractament farmacol\u00f2gic quan el\/la nen\/a presenti s\u00edmptomes greus i un gran deteriorament en diversos aspectes de la seva vida, o quan no hi hagi una altra opci\u00f3 terap\u00e8utica.<\/p>\n<p>En el cas del TDAH del subtipus combinat moderat o greu, el tractament hauria d&#039;incloure una acci\u00f3 multidisciplin\u00e0ria i multimodal, que prevegi el tractament farmacol\u00f2gic (per millorar la capacitat atencional, la impulsivitat i el control motor), l&#039;entrenament de pares i educadors en el maneig de conductes problema, l&#039;adaptaci\u00f3 curricular i el suport extraescolar per millorar els problemes<\/p>\n<p><strong>Per a la resta de casos, el tractament que ha demostrat ser m\u00e9s efica\u00e7 i de primera elecci\u00f3 \u00e9s l&#039;entrenament conductual per a pares, educadors i\/o companys, aix\u00ed com l&#039;entrenament en habilitats organitzatives.<\/strong><\/p>","protected":false},"excerpt":{"rendered":"<p>El trastorn per d\u00e8ficit d&#039;atenci\u00f3 i hiperactivitat (TDAH) \u00e9s una manera particular de percebre i processar la informaci\u00f3 que condiciona la manera com<span class=\"excerpt-hellip\"> [\u2026]<\/span><\/p>","protected":false},"author":1,"featured_media":572,"comment_status":"open","ping_status":"open","sticky":false,"template":"","format":"standard","meta":{"_joinchat":{"telephone":"620036636"},"footnotes":""},"categories":[16,12,15],"tags":[],"class_list":["post-520","post","type-post","status-publish","format-standard","has-post-thumbnail","hentry","category-psicologia-clinica","category-psicologia-del-desarrollo","category-psicologia-educativa"],"yoast_head":"<!-- This site is optimized with the Yoast SEO plugin v27.5 - https:\/\/yoast.com\/product\/yoast-seo-wordpress\/ -->\n<title>Todo lo que necesitas saber sobre el TDAH - Catalina Calafat<\/title>\n<meta name=\"robots\" content=\"index, follow, max-snippet:-1, max-image-preview:large, max-video-preview:-1\" \/>\n<link rel=\"canonical\" href=\"https:\/\/catalinacalafat.com\/ca\/psicologia-del-desarrollo\/tot-el-que-necessites-saber-sobre-el-tdah\/\" \/>\n<meta property=\"og:locale\" content=\"ca_ES\" \/>\n<meta property=\"og:type\" content=\"article\" \/>\n<meta property=\"og:title\" content=\"Todo lo que necesitas saber sobre el TDAH - Catalina Calafat\" \/>\n<meta property=\"og:description\" content=\"El trastorno por d\u00e9ficit de atenci\u00f3n e hiperactividad (TDAH) es una forma particular de percibir y procesar la informaci\u00f3n que condiciona a la forma en que [\u2026]\" \/>\n<meta property=\"og:url\" content=\"https:\/\/catalinacalafat.com\/ca\/psicologia-del-desarrollo\/tot-el-que-necessites-saber-sobre-el-tdah\/\" \/>\n<meta property=\"og:site_name\" content=\"Catalina Calafat\" \/>\n<meta property=\"article:published_time\" content=\"2024-07-10T13:32:34+00:00\" \/>\n<meta property=\"article:modified_time\" content=\"2024-09-26T07:20:51+00:00\" \/>\n<meta property=\"og:image\" content=\"https:\/\/catalinacalafat.com\/wp-content\/uploads\/2024\/07\/tdah-ninos.jpg\" \/>\n\t<meta property=\"og:image:width\" content=\"1000\" \/>\n\t<meta property=\"og:image:height\" content=\"494\" \/>\n\t<meta property=\"og:image:type\" content=\"image\/jpeg\" \/>\n<meta name=\"author\" content=\"CatAmsAFat\" \/>\n<meta name=\"twitter:card\" content=\"summary_large_image\" \/>\n<meta name=\"twitter:label1\" content=\"Escrit per\" \/>\n\t<meta name=\"twitter:data1\" content=\"CatAmsAFat\" \/>\n\t<meta name=\"twitter:label2\" content=\"Temps estimat de lectura\" \/>\n\t<meta name=\"twitter:data2\" content=\"5 minuts\" \/>\n<script type=\"application\/ld+json\" class=\"yoast-schema-graph\">{\"@context\":\"https:\\\/\\\/schema.org\",\"@graph\":[{\"@type\":\"Article\",\"@id\":\"https:\\\/\\\/catalinacalafat.com\\\/psicologia-del-desarrollo\\\/todo-lo-que-necesitas-saber-sobre-el-tdah\\\/#article\",\"isPartOf\":{\"@id\":\"https:\\\/\\\/catalinacalafat.com\\\/psicologia-del-desarrollo\\\/todo-lo-que-necesitas-saber-sobre-el-tdah\\\/\"},\"author\":{\"name\":\"CatAmsAFat\",\"@id\":\"https:\\\/\\\/catalinacalafat.com\\\/#\\\/schema\\\/person\\\/04d25cb2d7f5ca0c2baf949714902bae\"},\"headline\":\"Todo lo que necesitas saber sobre el TDAH\",\"datePublished\":\"2024-07-10T13:32:34+00:00\",\"dateModified\":\"2024-09-26T07:20:51+00:00\",\"mainEntityOfPage\":{\"@id\":\"https:\\\/\\\/catalinacalafat.com\\\/psicologia-del-desarrollo\\\/todo-lo-que-necesitas-saber-sobre-el-tdah\\\/\"},\"wordCount\":968,\"commentCount\":0,\"image\":{\"@id\":\"https:\\\/\\\/catalinacalafat.com\\\/psicologia-del-desarrollo\\\/todo-lo-que-necesitas-saber-sobre-el-tdah\\\/#primaryimage\"},\"thumbnailUrl\":\"https:\\\/\\\/catalinacalafat.com\\\/wp-content\\\/uploads\\\/2024\\\/07\\\/tdah-ninos.jpg\",\"articleSection\":[\"Psicolog\u00eda Cl\u00ednica\",\"Psicolog\u00eda del Desarrollo\",\"Psicolog\u00eda Educativa\"],\"inLanguage\":\"ca\",\"potentialAction\":[{\"@type\":\"CommentAction\",\"name\":\"Comment\",\"target\":[\"https:\\\/\\\/catalinacalafat.com\\\/psicologia-del-desarrollo\\\/todo-lo-que-necesitas-saber-sobre-el-tdah\\\/#respond\"]}]},{\"@type\":\"WebPage\",\"@id\":\"https:\\\/\\\/catalinacalafat.com\\\/psicologia-del-desarrollo\\\/todo-lo-que-necesitas-saber-sobre-el-tdah\\\/\",\"url\":\"https:\\\/\\\/catalinacalafat.com\\\/psicologia-del-desarrollo\\\/todo-lo-que-necesitas-saber-sobre-el-tdah\\\/\",\"name\":\"Todo lo que necesitas saber sobre el TDAH - Catalina Calafat\",\"isPartOf\":{\"@id\":\"https:\\\/\\\/catalinacalafat.com\\\/#website\"},\"primaryImageOfPage\":{\"@id\":\"https:\\\/\\\/catalinacalafat.com\\\/psicologia-del-desarrollo\\\/todo-lo-que-necesitas-saber-sobre-el-tdah\\\/#primaryimage\"},\"image\":{\"@id\":\"https:\\\/\\\/catalinacalafat.com\\\/psicologia-del-desarrollo\\\/todo-lo-que-necesitas-saber-sobre-el-tdah\\\/#primaryimage\"},\"thumbnailUrl\":\"https:\\\/\\\/catalinacalafat.com\\\/wp-content\\\/uploads\\\/2024\\\/07\\\/tdah-ninos.jpg\",\"datePublished\":\"2024-07-10T13:32:34+00:00\",\"dateModified\":\"2024-09-26T07:20:51+00:00\",\"author\":{\"@id\":\"https:\\\/\\\/catalinacalafat.com\\\/#\\\/schema\\\/person\\\/04d25cb2d7f5ca0c2baf949714902bae\"},\"breadcrumb\":{\"@id\":\"https:\\\/\\\/catalinacalafat.com\\\/psicologia-del-desarrollo\\\/todo-lo-que-necesitas-saber-sobre-el-tdah\\\/#breadcrumb\"},\"inLanguage\":\"ca\",\"potentialAction\":[{\"@type\":\"ReadAction\",\"target\":[\"https:\\\/\\\/catalinacalafat.com\\\/psicologia-del-desarrollo\\\/todo-lo-que-necesitas-saber-sobre-el-tdah\\\/\"]}]},{\"@type\":\"ImageObject\",\"inLanguage\":\"ca\",\"@id\":\"https:\\\/\\\/catalinacalafat.com\\\/psicologia-del-desarrollo\\\/todo-lo-que-necesitas-saber-sobre-el-tdah\\\/#primaryimage\",\"url\":\"https:\\\/\\\/catalinacalafat.com\\\/wp-content\\\/uploads\\\/2024\\\/07\\\/tdah-ninos.jpg\",\"contentUrl\":\"https:\\\/\\\/catalinacalafat.com\\\/wp-content\\\/uploads\\\/2024\\\/07\\\/tdah-ninos.jpg\",\"width\":1000,\"height\":494},{\"@type\":\"BreadcrumbList\",\"@id\":\"https:\\\/\\\/catalinacalafat.com\\\/psicologia-del-desarrollo\\\/todo-lo-que-necesitas-saber-sobre-el-tdah\\\/#breadcrumb\",\"itemListElement\":[{\"@type\":\"ListItem\",\"position\":1,\"name\":\"Portada\",\"item\":\"https:\\\/\\\/catalinacalafat.com\\\/\"},{\"@type\":\"ListItem\",\"position\":2,\"name\":\"Todo lo que necesitas saber sobre el TDAH\"}]},{\"@type\":\"WebSite\",\"@id\":\"https:\\\/\\\/catalinacalafat.com\\\/#website\",\"url\":\"https:\\\/\\\/catalinacalafat.com\\\/\",\"name\":\"Catalina Calafat\",\"description\":\"Psic\u00f3loga en Palma de Mallorca\",\"potentialAction\":[{\"@type\":\"SearchAction\",\"target\":{\"@type\":\"EntryPoint\",\"urlTemplate\":\"https:\\\/\\\/catalinacalafat.com\\\/?s={search_term_string}\"},\"query-input\":{\"@type\":\"PropertyValueSpecification\",\"valueRequired\":true,\"valueName\":\"search_term_string\"}}],\"inLanguage\":\"ca\"},{\"@type\":\"Person\",\"@id\":\"https:\\\/\\\/catalinacalafat.com\\\/#\\\/schema\\\/person\\\/04d25cb2d7f5ca0c2baf949714902bae\",\"name\":\"CatAmsAFat\",\"image\":{\"@type\":\"ImageObject\",\"inLanguage\":\"ca\",\"@id\":\"https:\\\/\\\/secure.gravatar.com\\\/avatar\\\/19978d7f461d92fbe63b8e95db72fad882d054f5c4aa24dceaa280ba1c31c1ab?s=96&d=mm&r=g\",\"url\":\"https:\\\/\\\/secure.gravatar.com\\\/avatar\\\/19978d7f461d92fbe63b8e95db72fad882d054f5c4aa24dceaa280ba1c31c1ab?s=96&d=mm&r=g\",\"contentUrl\":\"https:\\\/\\\/secure.gravatar.com\\\/avatar\\\/19978d7f461d92fbe63b8e95db72fad882d054f5c4aa24dceaa280ba1c31c1ab?s=96&d=mm&r=g\",\"caption\":\"CatAmsAFat\"},\"sameAs\":[\"https:\\\/\\\/catalinacalafat.com\"],\"url\":\"https:\\\/\\\/catalinacalafat.com\\\/ca\\\/author\\\/catamsafat\\\/\"}]}<\/script>\n<!-- \/ Yoast SEO plugin. -->","yoast_head_json":{"title":"Todo lo que necesitas saber sobre el TDAH - Catalina Calafat","robots":{"index":"index","follow":"follow","max-snippet":"max-snippet:-1","max-image-preview":"max-image-preview:large","max-video-preview":"max-video-preview:-1"},"canonical":"https:\/\/catalinacalafat.com\/ca\/psicologia-del-desarrollo\/tot-el-que-necessites-saber-sobre-el-tdah\/","og_locale":"ca_ES","og_type":"article","og_title":"Todo lo que necesitas saber sobre el TDAH - Catalina Calafat","og_description":"El trastorno por d\u00e9ficit de atenci\u00f3n e hiperactividad (TDAH) es una forma particular de percibir y procesar la informaci\u00f3n que condiciona a la forma en que [\u2026]","og_url":"https:\/\/catalinacalafat.com\/ca\/psicologia-del-desarrollo\/tot-el-que-necessites-saber-sobre-el-tdah\/","og_site_name":"Catalina Calafat","article_published_time":"2024-07-10T13:32:34+00:00","article_modified_time":"2024-09-26T07:20:51+00:00","og_image":[{"width":1000,"height":494,"url":"https:\/\/catalinacalafat.com\/wp-content\/uploads\/2024\/07\/tdah-ninos.jpg","type":"image\/jpeg"}],"author":"CatAmsAFat","twitter_card":"summary_large_image","twitter_misc":{"Escrit per":"CatAmsAFat","Temps estimat de lectura":"5 minuts"},"schema":{"@context":"https:\/\/schema.org","@graph":[{"@type":"Article","@id":"https:\/\/catalinacalafat.com\/psicologia-del-desarrollo\/todo-lo-que-necesitas-saber-sobre-el-tdah\/#article","isPartOf":{"@id":"https:\/\/catalinacalafat.com\/psicologia-del-desarrollo\/todo-lo-que-necesitas-saber-sobre-el-tdah\/"},"author":{"name":"CatAmsAFat","@id":"https:\/\/catalinacalafat.com\/#\/schema\/person\/04d25cb2d7f5ca0c2baf949714902bae"},"headline":"Todo lo que necesitas saber sobre el TDAH","datePublished":"2024-07-10T13:32:34+00:00","dateModified":"2024-09-26T07:20:51+00:00","mainEntityOfPage":{"@id":"https:\/\/catalinacalafat.com\/psicologia-del-desarrollo\/todo-lo-que-necesitas-saber-sobre-el-tdah\/"},"wordCount":968,"commentCount":0,"image":{"@id":"https:\/\/catalinacalafat.com\/psicologia-del-desarrollo\/todo-lo-que-necesitas-saber-sobre-el-tdah\/#primaryimage"},"thumbnailUrl":"https:\/\/catalinacalafat.com\/wp-content\/uploads\/2024\/07\/tdah-ninos.jpg","articleSection":["Psicolog\u00eda Cl\u00ednica","Psicolog\u00eda del Desarrollo","Psicolog\u00eda Educativa"],"inLanguage":"ca","potentialAction":[{"@type":"CommentAction","name":"Comment","target":["https:\/\/catalinacalafat.com\/psicologia-del-desarrollo\/todo-lo-que-necesitas-saber-sobre-el-tdah\/#respond"]}]},{"@type":"WebPage","@id":"https:\/\/catalinacalafat.com\/psicologia-del-desarrollo\/todo-lo-que-necesitas-saber-sobre-el-tdah\/","url":"https:\/\/catalinacalafat.com\/psicologia-del-desarrollo\/todo-lo-que-necesitas-saber-sobre-el-tdah\/","name":"Todo lo que necesitas saber sobre el TDAH - Catalina Calafat","isPartOf":{"@id":"https:\/\/catalinacalafat.com\/#website"},"primaryImageOfPage":{"@id":"https:\/\/catalinacalafat.com\/psicologia-del-desarrollo\/todo-lo-que-necesitas-saber-sobre-el-tdah\/#primaryimage"},"image":{"@id":"https:\/\/catalinacalafat.com\/psicologia-del-desarrollo\/todo-lo-que-necesitas-saber-sobre-el-tdah\/#primaryimage"},"thumbnailUrl":"https:\/\/catalinacalafat.com\/wp-content\/uploads\/2024\/07\/tdah-ninos.jpg","datePublished":"2024-07-10T13:32:34+00:00","dateModified":"2024-09-26T07:20:51+00:00","author":{"@id":"https:\/\/catalinacalafat.com\/#\/schema\/person\/04d25cb2d7f5ca0c2baf949714902bae"},"breadcrumb":{"@id":"https:\/\/catalinacalafat.com\/psicologia-del-desarrollo\/todo-lo-que-necesitas-saber-sobre-el-tdah\/#breadcrumb"},"inLanguage":"ca","potentialAction":[{"@type":"ReadAction","target":["https:\/\/catalinacalafat.com\/psicologia-del-desarrollo\/todo-lo-que-necesitas-saber-sobre-el-tdah\/"]}]},{"@type":"ImageObject","inLanguage":"ca","@id":"https:\/\/catalinacalafat.com\/psicologia-del-desarrollo\/todo-lo-que-necesitas-saber-sobre-el-tdah\/#primaryimage","url":"https:\/\/catalinacalafat.com\/wp-content\/uploads\/2024\/07\/tdah-ninos.jpg","contentUrl":"https:\/\/catalinacalafat.com\/wp-content\/uploads\/2024\/07\/tdah-ninos.jpg","width":1000,"height":494},{"@type":"BreadcrumbList","@id":"https:\/\/catalinacalafat.com\/psicologia-del-desarrollo\/todo-lo-que-necesitas-saber-sobre-el-tdah\/#breadcrumb","itemListElement":[{"@type":"ListItem","position":1,"name":"Portada","item":"https:\/\/catalinacalafat.com\/"},{"@type":"ListItem","position":2,"name":"Todo lo que necesitas saber sobre el TDAH"}]},{"@type":"WebSite","@id":"https:\/\/catalinacalafat.com\/#website","url":"https:\/\/catalinacalafat.com\/","name":"Catalina Calafat","description":"Psic\u00f3loga en Palma de Mallorca","potentialAction":[{"@type":"SearchAction","target":{"@type":"EntryPoint","urlTemplate":"https:\/\/catalinacalafat.com\/?s={search_term_string}"},"query-input":{"@type":"PropertyValueSpecification","valueRequired":true,"valueName":"search_term_string"}}],"inLanguage":"ca"},{"@type":"Person","@id":"https:\/\/catalinacalafat.com\/#\/schema\/person\/04d25cb2d7f5ca0c2baf949714902bae","name":"CatAmsAFat","image":{"@type":"ImageObject","inLanguage":"ca","@id":"https:\/\/secure.gravatar.com\/avatar\/19978d7f461d92fbe63b8e95db72fad882d054f5c4aa24dceaa280ba1c31c1ab?s=96&d=mm&r=g","url":"https:\/\/secure.gravatar.com\/avatar\/19978d7f461d92fbe63b8e95db72fad882d054f5c4aa24dceaa280ba1c31c1ab?s=96&d=mm&r=g","contentUrl":"https:\/\/secure.gravatar.com\/avatar\/19978d7f461d92fbe63b8e95db72fad882d054f5c4aa24dceaa280ba1c31c1ab?s=96&d=mm&r=g","caption":"CatAmsAFat"},"sameAs":["https:\/\/catalinacalafat.com"],"url":"https:\/\/catalinacalafat.com\/ca\/author\/catamsafat\/"}]}},"_links":{"self":[{"href":"https:\/\/catalinacalafat.com\/ca\/wp-json\/wp\/v2\/posts\/520","targetHints":{"allow":["GET"]}}],"collection":[{"href":"https:\/\/catalinacalafat.com\/ca\/wp-json\/wp\/v2\/posts"}],"about":[{"href":"https:\/\/catalinacalafat.com\/ca\/wp-json\/wp\/v2\/types\/post"}],"author":[{"embeddable":true,"href":"https:\/\/catalinacalafat.com\/ca\/wp-json\/wp\/v2\/users\/1"}],"replies":[{"embeddable":true,"href":"https:\/\/catalinacalafat.com\/ca\/wp-json\/wp\/v2\/comments?post=520"}],"version-history":[{"count":17,"href":"https:\/\/catalinacalafat.com\/ca\/wp-json\/wp\/v2\/posts\/520\/revisions"}],"predecessor-version":[{"id":737,"href":"https:\/\/catalinacalafat.com\/ca\/wp-json\/wp\/v2\/posts\/520\/revisions\/737"}],"wp:featuredmedia":[{"embeddable":true,"href":"https:\/\/catalinacalafat.com\/ca\/wp-json\/wp\/v2\/media\/572"}],"wp:attachment":[{"href":"https:\/\/catalinacalafat.com\/ca\/wp-json\/wp\/v2\/media?parent=520"}],"wp:term":[{"taxonomy":"category","embeddable":true,"href":"https:\/\/catalinacalafat.com\/ca\/wp-json\/wp\/v2\/categories?post=520"},{"taxonomy":"post_tag","embeddable":true,"href":"https:\/\/catalinacalafat.com\/ca\/wp-json\/wp\/v2\/tags?post=520"}],"curies":[{"name":"wp","href":"https:\/\/api.w.org\/{rel}","templated":true}]}}